{"id":148,"date":"2022-12-29T11:42:51","date_gmt":"2022-12-29T10:42:51","guid":{"rendered":"https:\/\/afges.azurewebsites.net\/?p=148"},"modified":"2023-12-04T10:46:07","modified_gmt":"2023-12-04T09:46:07","slug":"ou-trouver-son-job-etudiant","status":"publish","type":"post","link":"https:\/\/afges.org\/en\/ou-trouver-son-job-etudiant\/","title":{"rendered":"O\u00f9 trouver son job \u00e9tudiant ?"},"content":{"rendered":"<p><!--vcv no format--><!-- vcwb\/dynamicElementComment:e086b60d --><\/p>\n<div class=\"vce-row-container\" data-vce-boxed-width=\"true\">\n<div id=\"el-cda7cb62\" class=\"vce-row vce-row--col-gap-30 vce-row-equal-height vce-row-content--top\" data-vce-do-apply=\"all el-cda7cb62\">\n<div class=\"vce-row-content\" data-vce-element-content=\"true\"><!-- vcwb\/dynamicElementComment:d3075e7c --><\/p>\n<div id=\"el-d3075e7c\" class=\"vce-col vce-col--md-auto vce-col--xs-1 vce-col--xs-last vce-col--xs-first vce-col--sm-last vce-col--sm-first vce-col--md-last vce-col--lg-last vce-col--xl-last vce-col--md-first vce-col--lg-first vce-col--xl-first\">\n<div class=\"vce-col-inner\" data-vce-do-apply=\"border margin background  el-d3075e7c\">\n<div class=\"vce-col-content\" data-vce-element-content=\"true\" data-vce-do-apply=\"padding el-d3075e7c\"><!-- vcwb\/dynamicElementComment:5cea6383 --><\/p>\n<div class=\"vce-text-block\">\n<div id=\"el-5cea6383\" class=\"vce-text-block-wrapper vce\" data-vce-do-apply=\"all el-5cea6383\">\n<blockquote><p><em>Ce listing est non-exhaustif et a pour simple but d\u2019aiguiller vos recherches.<\/em><\/p><\/blockquote>\n<\/div>\n<\/div>\n<p><!-- \/vcwb\/dynamicElementComment:5cea6383 --><!-- vcwb\/dynamicElementComment:c883291f --><\/p>\n<div class=\"vce-text-block\">\n<div id=\"el-c883291f\" class=\"vce-text-block-wrapper vce\" data-vce-do-apply=\"all el-c883291f\">\n<h2 id=\"jobs-tudiants-sur-le-campus-\">Jobs \u00e9tudiants sur le campus :<\/h2>\n<p>Des jobs \u00e9tudiants sont propos\u00e9s ponctuellement sur le<strong>&nbsp;site de l\u2019Unistra<\/strong>&nbsp;(Accueil des nouveaux \u00e9tudiant-e-s en p\u00e9riode de rentr\u00e9e, montage et d\u00e9montage de structures etc.).<br \/>\nPour plus d\u2019informations :&nbsp;<a href=\"https:\/\/www.unistra.fr\/index.php?id=25298\">Vie des campus Jobs \u00e9tudiants<\/a><\/p>\n<h2 id=\"jobaviz-\">Jobaviz :<\/h2>\n<p>Vous \u00eates \u00e9tudiant et vous recherchez un job ? Vous pouvez vous inscrire sur Jobaviz, la plateforme mise \u00e0 disposition par les Crous. Jobaviz recense gratuitement les offres d&#8217;emploi propos\u00e9es par des employeur-se-s tr\u00e8s diver-se-s, que ce soit pendant la&nbsp;<strong>p\u00e9riode estivale ou pendant les \u00e9tudes<\/strong>. D\u00e9di\u00e9es \u00e0 un public \u00e9tudiant, les offres d&#8217;emplois que l&rsquo;on retrouve sur la plateforme sont&nbsp;<strong>compatibles avec vos \u00e9tudes<\/strong>.<br \/>\nPlus d\u2019informations :&nbsp;<a href=\"https:\/\/www.jobaviz.fr\/\">Accueil &#8211; Crous emploi Jobaviz<\/a><\/p>\n<h2 id=\"apec-\">Apec :<\/h2>\n<p>L\u2019Apec (Association Pour l&rsquo;Emploi des Cadres), accompagne et conseille les cadres tout au long de leur parcours professionnel ainsi que<strong>&nbsp;les jeunes dipl\u00f4m\u00e9-e-s issu-e-s de l\u2019enseignement sup\u00e9rieur \u00e0 partir de Bac+3<\/strong>.<br \/>\nAvec de multiples services, l\u2019Apec vous propose de l\u2019aide \u00e0 la construction de vos CV, des rencontres avec des recruteurs, des offres de premier emploi, le tout en pr\u00e9sentiel au sein de leurs locaux.<br \/>\nPlus d\u2019informations :&nbsp;<a href=\"https:\/\/www.apec.fr\/\">Apec : Conseils, recrutement et offres d&#8217;emploi cadres<\/a><\/p>\n<h2 id=\"youzful-\">Youzful :<\/h2>\n<p>Youzful est une initiative du Cr\u00e9dit Agricole avec laquelle vous pourrez disposer d\u2019<strong>offres d\u2019emploi, de stages ou d\u2019alternance<\/strong>.<br \/>\nDe nombreuses fiches m\u00e9tiers y sont disponibles et des conseiller-\u00e8re-s sont disponibles pour vous aider \u00e0 pr\u00e9parer votre candidature ou vos entretiens. Avec entre-autre des jobs dating, Youzful vous met en relation avec des professionnels afin de faciliter votre insertion.<br \/>\nPlus d\u2019informations :&nbsp;<a href=\"https:\/\/www.youzful-by-ca.fr\/\">Youzful by CA, la plateforme de l&rsquo;orientation et de l&#8217;emploi<\/a><\/p>\n<h2 id=\"p-le-emploi-\">P\u00f4le Emploi :<\/h2>\n<p>Cet organisme public a pour missions : l\u2019inscription, la gestion de la liste des demandeurs d\u2019emploi, le versement des allocations, l\u2019accueil, l\u2019information, l\u2019orientation et l\u2019<strong>accompagnement des personnes \u00e0 la recherche d\u2019un emploi, d\u2019une formation ou d\u2019un conseil<\/strong>.<\/p>\n<p>Pour s\u2019inscrire, il est possible de le faire&nbsp;<strong>par internet ou par t\u00e9l\u00e9phone<\/strong>. Un formulaire unique permet d\u2019enregistrer :<br \/>\n\u25cf votre demande d\u2019inscription ;<br \/>\n\u25cf votre demande d\u2019allocations ;<br \/>\n\u25cf de pr\u00e9parer votre entretien avec votre conseiller P\u00f4le emploi.<\/p>\n<p>D\u00e8s que vous aurez valid\u00e9 votre dossier en ligne, vous recevrez dans un d\u00e9lai de 48h une convocation pour&nbsp;<strong>votre entretien d\u2019inscription<\/strong>. Cette d\u00e9marche est aussi possible par t\u00e9l\u00e9phone en composant le&nbsp;<strong>3949<\/strong>.<\/p>\n<p>Un-e conseiller-\u00e8re P\u00f4le emploi vous renseigne, effectue votre demande d\u2019inscription, organise le rendez-vous et vous envoie \u00e0 domicile le dossier et la convocation. Pour valider votre inscription, vous devez imp\u00e9rativement vous rendre \u00e0 votre entretien avec&nbsp;<strong>votre dossier rempli, dat\u00e9, sign\u00e9 et accompagn\u00e9 des pi\u00e8ces justificatives&nbsp;<\/strong>mentionn\u00e9es ci-dessous.<\/p>\n<p>Les documents \u00e0 fournir lors de l\u2019entretien:<br \/>\n\u25cf Pour une premi\u00e8re inscription ou une r\u00e9inscription \u00e0 plus de 6 mois : une pi\u00e8ce<br \/>\nd\u2019identit\u00e9 en cours de validit\u00e9 (carte nationale d\u2019identit\u00e9, passeport, carte d\u2019invalide civil ou militaire, titre de s\u00e9jour) ;<br \/>\n\u25cf Pour une demande d\u2019allocations : l\u2019attestation P\u00f4le emploi de l\u2019employeur (originale), une photocopie de votre carte de s\u00e9curit\u00e9 sociale et un relev\u00e9 d\u2019identit\u00e9 bancaire.<\/p>\n<p>L\u2019absence de ces trois documents entra\u00eene un retard dans le calcul de ses droits \u00e0<br \/>\nl\u2019indemnisation mais n\u2019emp\u00eache pas l\u2019inscription.<\/p>\n<p>Lorsque l\u2019inscription est effective,&nbsp;<strong>il faut actualiser sa situation tous les mois<\/strong>, sur le site internet, par t\u00e9l\u00e9phone ou sur les bornes au sein de son agence P\u00f4le emploi.<\/p>\n<p>Plus d\u2019informations :&nbsp;<a href=\"https:\/\/www.pole-emploi.fr\/accueil\/\">Accueil P\u00f4le emploi | P\u00f4le emploi<\/a><\/p>\n<h2 id=\"abrapa-\">ABRAPA :<\/h2>\n<p>Association \u00e0 but non lucratif, l\u2019Abrapa propose des&nbsp;<strong>offres d\u2019emploi \u00e0 domicile ou dans des \u00e9tablissements sp\u00e9cialis\u00e9s<\/strong>. Le personnel r\u00e9alise les actes de la vie courante, assure l\u2019aide \u00e0 la personne, prodigue des soins ou s\u2019occupe de t\u00e2ches administratives.<br \/>\nSi vous \u00eates \u00e0 la recherche d\u2019un emploi et que vous d\u00e9sirez les rejoindre pour des missions d\u2019aide et de service \u00e0 la personne, vous pouvez les contacter via leur site.<br \/>\nPlus d\u2019informations:&nbsp;<a href=\"https:\/\/www.abrapa.asso.fr\/\">Abrapa : Association d&rsquo;aide et service \u00e0 la personne dans le Bas-Rhin (67)<\/a><\/p>\n<h2 id=\"objectif-emploi-orientation-\">Objectif Emploi Orientation :<\/h2>\n<p>Objectif Emploi Orientation est une initiative du Cr\u00e9dit Mutuel qui vous propose plusieurs prestations :&nbsp;<strong>Coaching scolaire \/ \u00e9tudiant, aide \u00e0 la recherche de contrat en alternance \/ de stage, aide \u00e0 la recherche d\u2019emploi<\/strong>.<br \/>\nDe plus, vous pourrez y retrouver des exemples de CV et de Lettres de Motivation gratuitement aux c\u00f4t\u00e9s de nombreuses fiches m\u00e9tiers.<br \/>\nVous pouvez y acc\u00e9der jusqu&rsquo;\u00e0 vos 28 ans.<br \/>\nPlus d\u2019informations :&nbsp;<a href=\"https:\/\/www.objectif-emploi-orientation.fr\/\">Objectif Emploi Orientation: Accueil | Cr\u00e9dit Mutuel<\/a><\/p>\n<h2 id=\"experiencespro-grandest-fr-\">EXPERIENCESPRO.GRANDEST.FR :<\/h2>\n<p><strong>Besoin d\u2019un stage ? D\u2019un service civique ? D\u2019un job saisonnier ?<\/strong>&nbsp;<strong>Exp\u00e9riences Pro, la plateforme unique dans tout le Grand Est !<\/strong><\/p>\n<p><strong>La R\u00e9gion Grand Est et ses partenaires du service public r\u00e9gional de l\u2019Orientation rassemblent sur un espace unique des offres d\u2019apprentissage, de stage, de job saisonnier ou encore de service civique dans tout le Grand Est.<\/strong><\/p>\n<p><strong>LA PLATEFORME&nbsp;<\/strong><a href=\"https:\/\/experiencespro.grandest.fr\/\"><strong>EXPERIENCESPRO.GRANDEST.FR<\/strong><\/a><strong>, C\u2019EST :<\/strong><\/p>\n<p><u>Faciliter l\u2019insertion professionnelle<\/u><\/p>\n<ul>\n<li>La possibilit\u00e9 pour le grand public de t\u00e9l\u00e9charger son CV, de consulter des annonces, de cr\u00e9er des alertes et de faire \u00ab matcher \u00bb son profil \u00e0 des annonces cibl\u00e9es.<\/li>\n<\/ul>\n<p><u>Accompagner les entreprises dans la recherche de comp\u00e9tences<\/u><\/p>\n<ul>\n<li>L\u2019opportunit\u00e9 pour les entreprises du Grand Est (association, SARL, SA, etc.) de d\u00e9poser des annonces, de b\u00e9n\u00e9ficier d\u2019une visibilit\u00e9 suppl\u00e9mentaire et d\u2019\u00eatre mises en relation directe avec des candidats potentiels.<\/li>\n<\/ul>\n<p><strong>UN CATALOGUE D\u2019OFFRE POUR CHAQUE PROFIL :<\/strong><\/p>\n<ul>\n<li>Stage de d\u00e9couverte ou d\u2019immersion en entreprises, au coll\u00e8ge, au lyc\u00e9e, lors d\u2019\u00e9tudes sup\u00e9rieurs ou encore dans le cadre d\u2019un parcours d\u2019accompagnement vers l\u2019emploi.<\/li>\n<li>Stage de formation ou de qualification professionnelle.<\/li>\n<li>Contrat d\u2019alternance ou d\u2019apprentissage.<\/li>\n<li>Emploi saisonnier.<\/li>\n<li>Service civique.<\/li>\n<\/ul>\n<p>Pour en savoir plus, rendez-vous sur :&nbsp;<a href=\"https:\/\/experiencespro.grandest.fr\/\">https:\/\/experiencespro.grandest.fr<\/a>&nbsp;et sur<strong>&nbsp;<\/strong><a href=\"http:\/\/www.orientest.fr\/\"><strong>www.orientest.fr<\/strong><\/a><\/p>\n<\/div>\n<\/div>\n<p><!-- \/vcwb\/dynamicElementComment:c883291f --><\/p>\n<\/div>\n<\/div>\n<\/div>\n<p><!-- \/vcwb\/dynamicElementComment:d3075e7c --><\/p>\n<\/div>\n<\/div>\n<\/div>\n<p><!-- \/vcwb\/dynamicElementComment:cda7cb62 --><!-- vcwb\/dynamicElementComment:20d7a032 --><!-- \/vcwb\/dynamicElementComment:20d7a032 --><!--vcv no format--><\/p>","protected":false},"excerpt":{"rendered":"<p>Ce listing est non-exhaustif et a pour simple but d\u2019aiguiller vos recherches. Jobs \u00e9tudiants sur le campus : Des jobs \u00e9tudiants sont propos\u00e9s ponctuellement sur le&nbsp;site de l\u2019Unistra&nbsp;(Accueil des nouveaux \u00e9tudiant-e-s en p\u00e9riode de rentr\u00e9e, montage et d\u00e9montage de structures etc.). Pour plus d\u2019informations :&nbsp;Vie des campus Jobs \u00e9tudiants Jobaviz : Vous \u00eates \u00e9tudiant et [&hellip;]<\/p>\n","protected":false},"author":1,"featured_media":142,"comment_status":"closed","ping_status":"closed","sticky":true,"template":"","format":"standard","meta":{"footnotes":""},"categories":[6,12],"tags":[],"class_list":["post-148","post","type-post","status-publish","format-standard","has-post-thumbnail","hentry","category-as","category-citoyennete"],"blocksy_meta":[],"yoast_head":"<!-- This site is optimized with the Yoast SEO plugin v27.2 - https:\/\/yoast.com\/product\/yoast-seo-wordpress\/ -->\n<title>O\u00f9 trouver son job \u00e9tudiant ? - AFGES<\/title>\n<meta name=\"robots\" content=\"index, follow, max-snippet:-1, max-image-preview:large, max-video-preview:-1\" \/>\n<link rel=\"canonical\" href=\"https:\/\/afges.org\/en\/ou-trouver-son-job-etudiant\/\" \/>\n<meta property=\"og:locale\" content=\"en_US\" \/>\n<meta property=\"og:type\" content=\"article\" \/>\n<meta property=\"og:title\" content=\"O\u00f9 trouver son job \u00e9tudiant ? - AFGES\" \/>\n<meta property=\"og:description\" content=\"Ce listing est non-exhaustif et a pour simple but d\u2019aiguiller vos recherches. Jobs \u00e9tudiants sur le campus : Des jobs \u00e9tudiants sont propos\u00e9s ponctuellement sur le&nbsp;site de l\u2019Unistra&nbsp;(Accueil des nouveaux \u00e9tudiant-e-s en p\u00e9riode de rentr\u00e9e, montage et d\u00e9montage de structures etc.). Pour plus d\u2019informations :&nbsp;Vie des campus Jobs \u00e9tudiants Jobaviz : Vous \u00eates \u00e9tudiant et [&hellip;]\" \/>\n<meta property=\"og:url\" content=\"https:\/\/afges.org\/en\/ou-trouver-son-job-etudiant\/\" \/>\n<meta property=\"og:site_name\" content=\"AFGES\" \/>\n<meta property=\"article:publisher\" content=\"https:\/\/www.facebook.com\/AFGES\" \/>\n<meta property=\"article:published_time\" content=\"2022-12-29T10:42:51+00:00\" \/>\n<meta property=\"article:modified_time\" content=\"2023-12-04T09:46:07+00:00\" \/>\n<meta property=\"og:image\" content=\"https:\/\/afges.org\/wp-content\/uploads\/2022\/12\/job-1024x576.png\" \/>\n\t<meta property=\"og:image:width\" content=\"1024\" \/>\n\t<meta property=\"og:image:height\" content=\"576\" \/>\n\t<meta property=\"og:image:type\" content=\"image\/png\" \/>\n<meta name=\"author\" content=\"AFGES\" \/>\n<meta name=\"twitter:card\" content=\"summary_large_image\" \/>\n<meta name=\"twitter:creator\" content=\"@AFGES\" \/>\n<meta name=\"twitter:site\" content=\"@AFGES\" \/>\n<meta name=\"twitter:label1\" content=\"Written by\" \/>\n\t<meta name=\"twitter:data1\" content=\"AFGES\" \/>\n\t<meta name=\"twitter:label2\" content=\"Est. reading time\" \/>\n\t<meta name=\"twitter:data2\" content=\"5 minutes\" \/>\n<script type=\"application\/ld+json\" class=\"yoast-schema-graph\">{\"@context\":\"https:\/\/schema.org\",\"@graph\":[{\"@type\":\"Article\",\"@id\":\"https:\/\/afges.org\/ou-trouver-son-job-etudiant\/#article\",\"isPartOf\":{\"@id\":\"https:\/\/afges.org\/ou-trouver-son-job-etudiant\/\"},\"author\":{\"name\":\"AFGES\",\"@id\":\"https:\/\/www.afges.org\/#\/schema\/person\/c7715983ea2a112d0bb3fdaba2346605\"},\"headline\":\"O\u00f9 trouver son job \u00e9tudiant ?\",\"datePublished\":\"2022-12-29T10:42:51+00:00\",\"dateModified\":\"2023-12-04T09:46:07+00:00\",\"mainEntityOfPage\":{\"@id\":\"https:\/\/afges.org\/ou-trouver-son-job-etudiant\/\"},\"wordCount\":1043,\"publisher\":{\"@id\":\"https:\/\/www.afges.org\/#organization\"},\"image\":{\"@id\":\"https:\/\/afges.org\/ou-trouver-son-job-etudiant\/#primaryimage\"},\"thumbnailUrl\":\"\/wp-content\/uploads\/2022\/12\/job.png\",\"articleSection\":[\"Affaires Sociales\",\"Citoyennet\u00e9\"],\"inLanguage\":\"en-US\"},{\"@type\":\"WebPage\",\"@id\":\"https:\/\/afges.org\/ou-trouver-son-job-etudiant\/\",\"url\":\"https:\/\/afges.org\/ou-trouver-son-job-etudiant\/\",\"name\":\"O\u00f9 trouver son job \u00e9tudiant ? - AFGES\",\"isPartOf\":{\"@id\":\"https:\/\/www.afges.org\/#website\"},\"primaryImageOfPage\":{\"@id\":\"https:\/\/afges.org\/ou-trouver-son-job-etudiant\/#primaryimage\"},\"image\":{\"@id\":\"https:\/\/afges.org\/ou-trouver-son-job-etudiant\/#primaryimage\"},\"thumbnailUrl\":\"\/wp-content\/uploads\/2022\/12\/job.png\",\"datePublished\":\"2022-12-29T10:42:51+00:00\",\"dateModified\":\"2023-12-04T09:46:07+00:00\",\"breadcrumb\":{\"@id\":\"https:\/\/afges.org\/ou-trouver-son-job-etudiant\/#breadcrumb\"},\"inLanguage\":\"en-US\",\"potentialAction\":[{\"@type\":\"ReadAction\",\"target\":[\"https:\/\/afges.org\/ou-trouver-son-job-etudiant\/\"]}]},{\"@type\":\"ImageObject\",\"inLanguage\":\"en-US\",\"@id\":\"https:\/\/afges.org\/ou-trouver-son-job-etudiant\/#primaryimage\",\"url\":\"\/wp-content\/uploads\/2022\/12\/job.png\",\"contentUrl\":\"\/wp-content\/uploads\/2022\/12\/job.png\",\"width\":2000,\"height\":1125},{\"@type\":\"BreadcrumbList\",\"@id\":\"https:\/\/afges.org\/ou-trouver-son-job-etudiant\/#breadcrumb\",\"itemListElement\":[{\"@type\":\"ListItem\",\"position\":1,\"name\":\"Accueil\",\"item\":\"https:\/\/www.afges.org\/\"},{\"@type\":\"ListItem\",\"position\":2,\"name\":\"O\u00f9 trouver son job \u00e9tudiant ?\"}]},{\"@type\":\"WebSite\",\"@id\":\"https:\/\/www.afges.org\/#website\",\"url\":\"https:\/\/www.afges.org\/\",\"name\":\"AFGES, les \u00c9tudiant-e-s d\u2019Alsace\",\"description\":\"Les \u00c9tudiant-e-s d\u2019Alsace\",\"publisher\":{\"@id\":\"https:\/\/www.afges.org\/#organization\"},\"potentialAction\":[{\"@type\":\"SearchAction\",\"target\":{\"@type\":\"EntryPoint\",\"urlTemplate\":\"https:\/\/www.afges.org\/?s={search_term_string}\"},\"query-input\":{\"@type\":\"PropertyValueSpecification\",\"valueRequired\":true,\"valueName\":\"search_term_string\"}}],\"inLanguage\":\"en-US\"},{\"@type\":\"Organization\",\"@id\":\"https:\/\/www.afges.org\/#organization\",\"name\":\"AFGES, les \u00c9tudiant-e-s d\u2019Alsace\",\"url\":\"https:\/\/www.afges.org\/\",\"logo\":{\"@type\":\"ImageObject\",\"inLanguage\":\"en-US\",\"@id\":\"https:\/\/www.afges.org\/#\/schema\/logo\/image\/\",\"url\":\"\/wp-content\/uploads\/2025\/08\/Logo-AFGES-Orange-scaled.png\",\"contentUrl\":\"\/wp-content\/uploads\/2025\/08\/Logo-AFGES-Orange-scaled.png\",\"width\":2302,\"height\":2560,\"caption\":\"AFGES, les \u00c9tudiant-e-s d\u2019Alsace\"},\"image\":{\"@id\":\"https:\/\/www.afges.org\/#\/schema\/logo\/image\/\"},\"sameAs\":[\"https:\/\/www.facebook.com\/AFGES\",\"https:\/\/x.com\/AFGES\"]},{\"@type\":\"Person\",\"@id\":\"https:\/\/www.afges.org\/#\/schema\/person\/c7715983ea2a112d0bb3fdaba2346605\",\"name\":\"AFGES\",\"description\":\"Administrateur Syst\u00e8me de l'AFGES \/ webmaster@afges.org\",\"sameAs\":[\"https:\/\/afges.org\"],\"url\":\"https:\/\/afges.org\/en\/author\/numerique\/\"}]}<\/script>\n<!-- \/ Yoast SEO plugin. -->","yoast_head_json":{"title":"O\u00f9 trouver son job \u00e9tudiant ? - AFGES","robots":{"index":"index","follow":"follow","max-snippet":"max-snippet:-1","max-image-preview":"max-image-preview:large","max-video-preview":"max-video-preview:-1"},"canonical":"https:\/\/afges.org\/en\/ou-trouver-son-job-etudiant\/","og_locale":"en_US","og_type":"article","og_title":"O\u00f9 trouver son job \u00e9tudiant ? - AFGES","og_description":"Ce listing est non-exhaustif et a pour simple but d\u2019aiguiller vos recherches. Jobs \u00e9tudiants sur le campus : Des jobs \u00e9tudiants sont propos\u00e9s ponctuellement sur le&nbsp;site de l\u2019Unistra&nbsp;(Accueil des nouveaux \u00e9tudiant-e-s en p\u00e9riode de rentr\u00e9e, montage et d\u00e9montage de structures etc.). Pour plus d\u2019informations :&nbsp;Vie des campus Jobs \u00e9tudiants Jobaviz : Vous \u00eates \u00e9tudiant et [&hellip;]","og_url":"https:\/\/afges.org\/en\/ou-trouver-son-job-etudiant\/","og_site_name":"AFGES","article_publisher":"https:\/\/www.facebook.com\/AFGES","article_published_time":"2022-12-29T10:42:51+00:00","article_modified_time":"2023-12-04T09:46:07+00:00","og_image":[{"width":1024,"height":576,"url":"https:\/\/afges.org\/wp-content\/uploads\/2022\/12\/job-1024x576.png","type":"image\/png"}],"author":"AFGES","twitter_card":"summary_large_image","twitter_creator":"@AFGES","twitter_site":"@AFGES","twitter_misc":{"Written by":"AFGES","Est. reading time":"5 minutes"},"schema":{"@context":"https:\/\/schema.org","@graph":[{"@type":"Article","@id":"https:\/\/afges.org\/ou-trouver-son-job-etudiant\/#article","isPartOf":{"@id":"https:\/\/afges.org\/ou-trouver-son-job-etudiant\/"},"author":{"name":"AFGES","@id":"https:\/\/www.afges.org\/#\/schema\/person\/c7715983ea2a112d0bb3fdaba2346605"},"headline":"O\u00f9 trouver son job \u00e9tudiant ?","datePublished":"2022-12-29T10:42:51+00:00","dateModified":"2023-12-04T09:46:07+00:00","mainEntityOfPage":{"@id":"https:\/\/afges.org\/ou-trouver-son-job-etudiant\/"},"wordCount":1043,"publisher":{"@id":"https:\/\/www.afges.org\/#organization"},"image":{"@id":"https:\/\/afges.org\/ou-trouver-son-job-etudiant\/#primaryimage"},"thumbnailUrl":"\/wp-content\/uploads\/2022\/12\/job.png","articleSection":["Affaires Sociales","Citoyennet\u00e9"],"inLanguage":"en-US"},{"@type":"WebPage","@id":"https:\/\/afges.org\/ou-trouver-son-job-etudiant\/","url":"https:\/\/afges.org\/ou-trouver-son-job-etudiant\/","name":"O\u00f9 trouver son job \u00e9tudiant ? - AFGES","isPartOf":{"@id":"https:\/\/www.afges.org\/#website"},"primaryImageOfPage":{"@id":"https:\/\/afges.org\/ou-trouver-son-job-etudiant\/#primaryimage"},"image":{"@id":"https:\/\/afges.org\/ou-trouver-son-job-etudiant\/#primaryimage"},"thumbnailUrl":"\/wp-content\/uploads\/2022\/12\/job.png","datePublished":"2022-12-29T10:42:51+00:00","dateModified":"2023-12-04T09:46:07+00:00","breadcrumb":{"@id":"https:\/\/afges.org\/ou-trouver-son-job-etudiant\/#breadcrumb"},"inLanguage":"en-US","potentialAction":[{"@type":"ReadAction","target":["https:\/\/afges.org\/ou-trouver-son-job-etudiant\/"]}]},{"@type":"ImageObject","inLanguage":"en-US","@id":"https:\/\/afges.org\/ou-trouver-son-job-etudiant\/#primaryimage","url":"\/wp-content\/uploads\/2022\/12\/job.png","contentUrl":"\/wp-content\/uploads\/2022\/12\/job.png","width":2000,"height":1125},{"@type":"BreadcrumbList","@id":"https:\/\/afges.org\/ou-trouver-son-job-etudiant\/#breadcrumb","itemListElement":[{"@type":"ListItem","position":1,"name":"Accueil","item":"https:\/\/www.afges.org\/"},{"@type":"ListItem","position":2,"name":"O\u00f9 trouver son job \u00e9tudiant ?"}]},{"@type":"WebSite","@id":"https:\/\/www.afges.org\/#website","url":"https:\/\/www.afges.org\/","name":"AFGES, les \u00c9tudiant-e-s d\u2019Alsace","description":"Les \u00c9tudiant-e-s d\u2019Alsace","publisher":{"@id":"https:\/\/www.afges.org\/#organization"},"potentialAction":[{"@type":"SearchAction","target":{"@type":"EntryPoint","urlTemplate":"https:\/\/www.afges.org\/?s={search_term_string}"},"query-input":{"@type":"PropertyValueSpecification","valueRequired":true,"valueName":"search_term_string"}}],"inLanguage":"en-US"},{"@type":"Organization","@id":"https:\/\/www.afges.org\/#organization","name":"AFGES, les \u00c9tudiant-e-s d\u2019Alsace","url":"https:\/\/www.afges.org\/","logo":{"@type":"ImageObject","inLanguage":"en-US","@id":"https:\/\/www.afges.org\/#\/schema\/logo\/image\/","url":"\/wp-content\/uploads\/2025\/08\/Logo-AFGES-Orange-scaled.png","contentUrl":"\/wp-content\/uploads\/2025\/08\/Logo-AFGES-Orange-scaled.png","width":2302,"height":2560,"caption":"AFGES, les \u00c9tudiant-e-s d\u2019Alsace"},"image":{"@id":"https:\/\/www.afges.org\/#\/schema\/logo\/image\/"},"sameAs":["https:\/\/www.facebook.com\/AFGES","https:\/\/x.com\/AFGES"]},{"@type":"Person","@id":"https:\/\/www.afges.org\/#\/schema\/person\/c7715983ea2a112d0bb3fdaba2346605","name":"AFGES","description":"Administrateur Syst\u00e8me de l'AFGES \/ webmaster@afges.org","sameAs":["https:\/\/afges.org"],"url":"https:\/\/afges.org\/en\/author\/numerique\/"}]}},"_links":{"self":[{"href":"https:\/\/afges.org\/en\/wp-json\/wp\/v2\/posts\/148","targetHints":{"allow":["GET"]}}],"collection":[{"href":"https:\/\/afges.org\/en\/wp-json\/wp\/v2\/posts"}],"about":[{"href":"https:\/\/afges.org\/en\/wp-json\/wp\/v2\/types\/post"}],"author":[{"embeddable":true,"href":"https:\/\/afges.org\/en\/wp-json\/wp\/v2\/users\/1"}],"replies":[{"embeddable":true,"href":"https:\/\/afges.org\/en\/wp-json\/wp\/v2\/comments?post=148"}],"version-history":[{"count":6,"href":"https:\/\/afges.org\/en\/wp-json\/wp\/v2\/posts\/148\/revisions"}],"predecessor-version":[{"id":429,"href":"https:\/\/afges.org\/en\/wp-json\/wp\/v2\/posts\/148\/revisions\/429"}],"wp:featuredmedia":[{"embeddable":true,"href":"https:\/\/afges.org\/en\/wp-json\/wp\/v2\/media\/142"}],"wp:attachment":[{"href":"https:\/\/afges.org\/en\/wp-json\/wp\/v2\/media?parent=148"}],"wp:term":[{"taxonomy":"category","embeddable":true,"href":"https:\/\/afges.org\/en\/wp-json\/wp\/v2\/categories?post=148"},{"taxonomy":"post_tag","embeddable":true,"href":"https:\/\/afges.org\/en\/wp-json\/wp\/v2\/tags?post=148"}],"curies":[{"name":"wp","href":"https:\/\/api.w.org\/{rel}","templated":true}]}}